{"id":1114,"date":"2022-08-05T14:52:19","date_gmt":"2022-08-05T12:52:19","guid":{"rendered":"https:\/\/min-pan.krakow.pl\/projekty\/?p=1114"},"modified":"2023-11-24T11:56:05","modified_gmt":"2023-11-24T10:56:05","slug":"edukacja-surowcowa","status":"publish","type":"post","link":"https:\/\/min-pan.krakow.pl\/projekty\/2022\/08\/05\/edukacja-surowcowa\/","title":{"rendered":"Edukacja surowcowa elementem bezpiecze\u0144stwa surowcowego pa\u0144stwa"},"content":{"rendered":"<p>Nadrz\u0119dnych celem projektu jest popularyzacja wiedzy o surowcach mineralnych i ich znaczeniu gospodarczym w\u015br\u00f3d dzieci<br \/>\ni m\u0142odzie\u017cy. Projekt dostarcza\u0142 b\u0119dzie kompleksow\u0105 wiedz\u0119 o ca\u0142ym \u0142a\u0144cuchu dostaw surowc\u00f3w, a wi\u0119c od etapu poszukiwania z\u0142\u00f3\u017c kopalin poprzez ich eksploatacj\u0119, produkcj\u0119 surowc\u00f3w mineralnych i ich u\u017cytkowanie, a tak\u017ce \u2013 tam gdzie to mo\u017cliwe \u2013 recykling surowc\u00f3w, z uwzgl\u0119dnieniem kwestii odpowiedzialnej rekultywacji teren\u00f3w pog\u00f3rniczych. Idea projektu zak\u0142ada propagowanie i upowszechnianie rzetelnej i aktualnej wiedzy w przytoczonym obszarze tematycznym przy u\u017cyciu r\u00f3\u017cnych \u015brodk\u00f3w przekazu i narz\u0119dzi metodycznych. Obejm\u0105 one zar\u00f3wno dzia\u0142ania w obszarze edukacji szkolnej (podstawowej i ponadpodstawowej), jak i o charakterze popularnonaukowym \u2013 nie zwi\u0105zane bezpo\u015brednio z obowi\u0105zuj\u0105cymi programami nauczania. Finalnie jednak efektem projektu ma by\u0107 wzrost \u015bwiadomo\u015bci w zakresie pozyskiwania i u\u017cytkowania surowc\u00f3w mineralnych w\u015br\u00f3d dzieci i m\u0142odzie\u017cy, szczeg\u00f3lnie w grupie wiekowej od 10 do 18 lat. Projekt b\u0119dzie mia\u0142 za zadanie wskaza\u0107 odbiorcom niepodwa\u017caln\u0105 rol\u0119 surowc\u00f3w mineralnych oraz g\u00f3rnictwa \u2013 jako wci\u0105\u017c ich podstawowego \u017ar\u00f3d\u0142a \u2013 w trzech g\u0142\u00f3wnych obszarach: 1. zaspokajaniu podstawowych potrzeb \u017cyciowych spo\u0142ecze\u0144stwa, 2. rozwoju gospodarczym 3. w zapewnieniu bezpiecze\u0144stwa powszechnego, w tym energetycznego i militarnego.<\/p>\n<p><strong>&#8222;Regulamin konkursu dla dzieci i m\u0142odzie\u017cy &#8222;Surowce mineralne wok\u00f3\u0142 nas &#8211; ich pochodzenie i wykorzystanie&#8221;<\/strong><\/p>\n<p class=\"downloadElemContainer2\"><a class=\"downloadElem pdf\" href=\"https:\/\/min-pan.krakow.pl\/projekty\/wp-content\/uploads\/sites\/8\/2022\/08\/Regulamin-Konkursu.pdf\" target=\"_blank\" rel=\"noopener noreferrer\">\u00a0<\/a><cite>Regulamin Konkursu<\/cite><\/p>\n<p><strong>Wyniki og\u00f3lnopolskiego konkursu: \u201eSurowce mineralne wok\u00f3\u0142 nas \u2013 ich pochodzenie i wykorzystanie\u201d<\/strong><\/p>\n<p class=\"downloadElemContainer2\"><a class=\"downloadElem pdf\" href=\"https:\/\/min-pan.krakow.pl\/projekty\/wp-content\/uploads\/sites\/8\/2022\/08\/Wyniki-konkursu_-Surowce-mineralne-wokol-nas_-podp.pdf\" target=\"_blank\" rel=\"noopener\">\u00a0<\/a><cite>Wyniki konkursu_ Surowce mineralne wok\u00f3\u0142 nas_ podp<\/cite><\/p>\n<p>Projekt zosta\u0142 w ca\u0142o\u015bci sfinansowany w ramach programu Ministerstwa Edukacji i Nauki pt. \u201eNauka dla spo\u0142ecze\u0144stwa\u201d<br \/>\nw kwocie 257 830,00 z\u0142.<\/p>","protected":false},"excerpt":{"rendered":"<p>Nadrz\u0119dnych celem projektu jest popularyzacja wiedzy o surowcach mineralnych i ich znaczeniu gospodarczym w\u015br\u00f3d dzieci i m\u0142odzie\u017cy. Projekt dostarcza\u0142 b\u0119dzie kompleksow\u0105 wiedz\u0119 o ca\u0142ym \u0142a\u0144cuchu dostaw surowc\u00f3w, a wi\u0119c od etapu poszukiwania z\u0142\u00f3\u017c kopalin poprzez ich eksploatacj\u0119, produkcj\u0119 surowc\u00f3w mineralnych i ich u\u017cytkowanie, a tak\u017ce \u2013 tam gdzie to mo\u017cliwe \u2013 recykling surowc\u00f3w, z uwzgl\u0119dnieniem [&hellip;]<\/p>\n","protected":false},"author":12,"featured_media":1536,"parent":0,"comment_status":"open","ping_status":"open","sticky":false,"template":"","format":"standard","meta":{"footnotes":""},"categories":[1,2],"tags":[],"class_list":["post-1114","post","type-post","status-publish","format-standard","has-post-thumbnail","hentry","category-bez-kategorii","category-projekty"],"_links":{"self":[{"href":"https:\/\/min-pan.krakow.pl\/projekty\/wp-json\/wp\/v2\/posts\/1114","targetHints":{"allow":["GET"]}}],"collection":[{"href":"https:\/\/min-pan.krakow.pl\/projekty\/wp-json\/wp\/v2\/posts"}],"about":[{"href":"https:\/\/min-pan.krakow.pl\/projekty\/wp-json\/wp\/v2\/types\/post"}],"author":[{"embeddable":true,"href":"https:\/\/min-pan.krakow.pl\/projekty\/wp-json\/wp\/v2\/users\/12"}],"replies":[{"embeddable":true,"href":"https:\/\/min-pan.krakow.pl\/projekty\/wp-json\/wp\/v2\/comments?post=1114"}],"version-history":[{"count":14,"href":"https:\/\/min-pan.krakow.pl\/projekty\/wp-json\/wp\/v2\/posts\/1114\/revisions"}],"predecessor-version":[{"id":1322,"href":"https:\/\/min-pan.krakow.pl\/projekty\/wp-json\/wp\/v2\/posts\/1114\/revisions\/1322"}],"wp:featuredmedia":[{"embeddable":true,"href":"https:\/\/min-pan.krakow.pl\/projekty\/wp-json\/wp\/v2\/media\/1536"}],"wp:attachment":[{"href":"https:\/\/min-pan.krakow.pl\/projekty\/wp-json\/wp\/v2\/media?parent=1114"}],"wp:term":[{"taxonomy":"category","embeddable":true,"href":"https:\/\/min-pan.krakow.pl\/projekty\/wp-json\/wp\/v2\/categories?post=1114"},{"taxonomy":"post_tag","embeddable":true,"href":"https:\/\/min-pan.krakow.pl\/projekty\/wp-json\/wp\/v2\/tags?post=1114"}],"curies":[{"name":"wp","href":"https:\/\/api.w.org\/{rel}","templated":true}]}}