{"id":856,"date":"2024-08-07T12:46:51","date_gmt":"2024-08-07T10:46:51","guid":{"rendered":"https:\/\/min-pan.krakow.pl\/konferencje\/?p=856"},"modified":"2024-08-07T13:40:21","modified_gmt":"2024-08-07T11:40:21","slug":"v-miedzynarodowa-konferencja-nt-strategii-wdrazania-zielonego-ladu-woda-surowce-i-energia-w-zielonej-transformacji","status":"publish","type":"post","link":"https:\/\/min-pan.krakow.pl\/konferencje\/v-miedzynarodowa-konferencja-nt-strategii-wdrazania-zielonego-ladu-woda-surowce-i-energia-w-zielonej-transformacji\/","title":{"rendered":"V Mi\u0119dzynarodowa Konferencja nt. Strategii Wdra\u017cania Zielonego \u0141adu \u2013 Woda, Surowce i Energia w Zielonej Transformacji"},"content":{"rendered":"<p>&nbsp;<\/p>\n<p>Szanowni Pa\u0144stwo,<\/p>\n<p>serdecznie zapraszamy do kontynuowania sukcesu konferencji Green Deal, kt\u00f3ra w latach 2020-2023 zgromadzi\u0142a ponad 2 500 uczestnik\u00f3w z ca\u0142ego \u015bwiata.<\/p>\n<p>Z przyjemno\u015bci\u0105 og\u0142aszamy <strong>5. edycj\u0119 Mi\u0119dzynarodowej Konferencji &#8211; Strategie Wdra\u017cania Zielonego \u0141adu Woda, Surowce<br \/>\ni Energia w Zielonej Transformacji<\/strong>, kt\u00f3ra odb\u0119dzie si\u0119 w dniach 27-29 listopada 2024 r. jako wydarzenie hybrydowe (online i na miejscu w Krakowie).<\/p>\n<p><img loading=\"lazy\" decoding=\"async\" class=\"alignnone size-medium wp-image-864\" src=\"https:\/\/min-pan.krakow.pl\/konferencje\/wp-content\/uploads\/sites\/9\/2024\/08\/Logo-czarne_PL-300x150.png\" alt=\"\" width=\"300\" height=\"150\" srcset=\"https:\/\/min-pan.krakow.pl\/konferencje\/wp-content\/uploads\/sites\/9\/2024\/08\/Logo-czarne_PL-300x150.png 300w, https:\/\/min-pan.krakow.pl\/konferencje\/wp-content\/uploads\/sites\/9\/2024\/08\/Logo-czarne_PL-1024x512.png 1024w, https:\/\/min-pan.krakow.pl\/konferencje\/wp-content\/uploads\/sites\/9\/2024\/08\/Logo-czarne_PL-768x384.png 768w, https:\/\/min-pan.krakow.pl\/konferencje\/wp-content\/uploads\/sites\/9\/2024\/08\/Logo-czarne_PL-1536x768.png 1536w, https:\/\/min-pan.krakow.pl\/konferencje\/wp-content\/uploads\/sites\/9\/2024\/08\/Logo-czarne_PL-2048x1024.png 2048w, https:\/\/min-pan.krakow.pl\/konferencje\/wp-content\/uploads\/sites\/9\/2024\/08\/Logo-czarne_PL-1800x900.png 1800w\" sizes=\"auto, (max-width: 300px) 100vw, 300px\" \/><\/p>\n<p>Celem Mi\u0119dzynarodowej Konferencji Strategie wdra\u017cania Zielonego \u0141adu &#8211; Woda, Surowce i Energia w Zielonej Transformacji (ICGreenDeal2024) jest przedstawienie problemu zmian klimatu i sposob\u00f3w ich zapobiegania, np. innowacyjnych rozwi\u0105za\u0144 (technologicznych, \u015brodowiskowych, ekonomicznych i spo\u0142ecznych), kt\u00f3re mo\u017cna wdro\u017cy\u0107 w ramach Strategii Zielonego \u0141adu.<\/p>\n<p>Zapraszamy naukowc\u00f3w i przedsi\u0119biorc\u00f3w zajmuj\u0105cych si\u0119 tematyk\u0105 wody, surowc\u00f3w i energii do przesy\u0142ania prac z zakresu zarz\u0105dzania \u015brodowiskiem, ochrony \u015brodowiska i in\u017cynierii \u015brodowiska, kt\u00f3re poruszaj\u0105 zagadnienia wody, surowc\u00f3w i energii.<\/p>\n<p>Organizatorem konferencji jest Pracownia Surowc\u00f3w Biogenicznych Instytutu Gospodarki Surowcami Mineralnymi i Energi\u0105, Polskiej Akademii Nauk w Krakowie.<\/p>\n<p>Udzia\u0142 w konferencji jest bezp\u0142atny.<\/p>\n<p>Szczeg\u00f3\u0142owe informacje dost\u0119pne s\u0105 na stronie internetowej:<\/p>\n<p><a href=\"https:\/\/www.greendeal-conference.eu\/t-pl\">https:\/\/www.greendeal-conference.eu\/t-pl<\/a><\/p>\n<p>Z powa\u017caniem,<\/p>\n<p><strong>Organizatorzy GreenDeal2024<br \/>\nPracownia Surowc\u00f3w Biogenicznych<\/strong><\/p>\n<p>Contact: Dr hab. Marzena Smol, prof. IGSMiE PAN, <em><u>smol@meeri.pl<\/u><\/em>; Dominika Szo\u0142drowska, <em><u>szoldrowska@meeri.pl<\/u><\/em><\/p>\n<p><em>Projekt jest wsp\u00f3\u0142finansowany ze \u015brodk\u00f3w bud\u017cetu pa\u0144stwa przyznanych przez Ministerstwo Nauki i Szkolnictwa Wy\u017cszego w ramach Programu Doskona\u0142a Nauka II.<\/em><\/p>\n<p><em>\u00a0<\/em><\/p>\n<p><em>\u00a0\u00a0\u00a0\u00a0\u00a0\u00a0\u00a0\u00a0\u00a0\u00a0\u00a0 <img loading=\"lazy\" decoding=\"async\" class=\"alignnone size-medium wp-image-863\" src=\"https:\/\/min-pan.krakow.pl\/konferencje\/wp-content\/uploads\/sites\/9\/2024\/08\/Doskonala-nauka-300x169.png\" alt=\"\" width=\"300\" height=\"169\" srcset=\"https:\/\/min-pan.krakow.pl\/konferencje\/wp-content\/uploads\/sites\/9\/2024\/08\/Doskonala-nauka-300x169.png 300w, https:\/\/min-pan.krakow.pl\/konferencje\/wp-content\/uploads\/sites\/9\/2024\/08\/Doskonala-nauka-1024x576.png 1024w, https:\/\/min-pan.krakow.pl\/konferencje\/wp-content\/uploads\/sites\/9\/2024\/08\/Doskonala-nauka-768x432.png 768w, https:\/\/min-pan.krakow.pl\/konferencje\/wp-content\/uploads\/sites\/9\/2024\/08\/Doskonala-nauka-1536x864.png 1536w, https:\/\/min-pan.krakow.pl\/konferencje\/wp-content\/uploads\/sites\/9\/2024\/08\/Doskonala-nauka-2048x1152.png 2048w, https:\/\/min-pan.krakow.pl\/konferencje\/wp-content\/uploads\/sites\/9\/2024\/08\/Doskonala-nauka-1800x1013.png 1800w\" sizes=\"auto, (max-width: 300px) 100vw, 300px\" \/> \u00a0 <img loading=\"lazy\" decoding=\"async\" class=\"alignnone size-medium wp-image-862\" src=\"https:\/\/min-pan.krakow.pl\/konferencje\/wp-content\/uploads\/sites\/9\/2024\/08\/01_znak_siatka_podstawowy_kolor_biale_tlo-300x93.png\" alt=\"\" width=\"300\" height=\"93\" srcset=\"https:\/\/min-pan.krakow.pl\/konferencje\/wp-content\/uploads\/sites\/9\/2024\/08\/01_znak_siatka_podstawowy_kolor_biale_tlo-300x93.png 300w, https:\/\/min-pan.krakow.pl\/konferencje\/wp-content\/uploads\/sites\/9\/2024\/08\/01_znak_siatka_podstawowy_kolor_biale_tlo-1024x319.png 1024w, https:\/\/min-pan.krakow.pl\/konferencje\/wp-content\/uploads\/sites\/9\/2024\/08\/01_znak_siatka_podstawowy_kolor_biale_tlo-768x239.png 768w, https:\/\/min-pan.krakow.pl\/konferencje\/wp-content\/uploads\/sites\/9\/2024\/08\/01_znak_siatka_podstawowy_kolor_biale_tlo.png 1388w\" sizes=\"auto, (max-width: 300px) 100vw, 300px\" \/><\/em><\/p>","protected":false},"excerpt":{"rendered":"<p>&nbsp; Szanowni Pa\u0144stwo, serdecznie zapraszamy do kontynuowania sukcesu konferencji Green Deal, kt\u00f3ra w latach 2020-2023 zgromadzi\u0142a ponad 2 500 uczestnik\u00f3w z ca\u0142ego \u015bwiata. Z przyjemno\u015bci\u0105 og\u0142aszamy 5. edycj\u0119 Mi\u0119dzynarodowej Konferencji &#8211; Strategie Wdra\u017cania Zielonego \u0141adu Woda, Surowce i Energia w Zielonej Transformacji, kt\u00f3ra odb\u0119dzie si\u0119 w dniach 27-29 listopada 2024 r. jako wydarzenie hybrydowe (online [&hellip;]<\/p>\n","protected":false},"author":12,"featured_media":872,"comment_status":"open","ping_status":"open","sticky":false,"template":"","format":"standard","meta":{"footnotes":""},"categories":[2],"tags":[],"class_list":["post-856","post","type-post","status-publish","format-standard","has-post-thumbnail","hentry","category-konferencje"],"_links":{"self":[{"href":"https:\/\/min-pan.krakow.pl\/konferencje\/wp-json\/wp\/v2\/posts\/856","targetHints":{"allow":["GET"]}}],"collection":[{"href":"https:\/\/min-pan.krakow.pl\/konferencje\/wp-json\/wp\/v2\/posts"}],"about":[{"href":"https:\/\/min-pan.krakow.pl\/konferencje\/wp-json\/wp\/v2\/types\/post"}],"author":[{"embeddable":true,"href":"https:\/\/min-pan.krakow.pl\/konferencje\/wp-json\/wp\/v2\/users\/12"}],"replies":[{"embeddable":true,"href":"https:\/\/min-pan.krakow.pl\/konferencje\/wp-json\/wp\/v2\/comments?post=856"}],"version-history":[{"count":15,"href":"https:\/\/min-pan.krakow.pl\/konferencje\/wp-json\/wp\/v2\/posts\/856\/revisions"}],"predecessor-version":[{"id":877,"href":"https:\/\/min-pan.krakow.pl\/konferencje\/wp-json\/wp\/v2\/posts\/856\/revisions\/877"}],"wp:featuredmedia":[{"embeddable":true,"href":"https:\/\/min-pan.krakow.pl\/konferencje\/wp-json\/wp\/v2\/media\/872"}],"wp:attachment":[{"href":"https:\/\/min-pan.krakow.pl\/konferencje\/wp-json\/wp\/v2\/media?parent=856"}],"wp:term":[{"taxonomy":"category","embeddable":true,"href":"https:\/\/min-pan.krakow.pl\/konferencje\/wp-json\/wp\/v2\/categories?post=856"},{"taxonomy":"post_tag","embeddable":true,"href":"https:\/\/min-pan.krakow.pl\/konferencje\/wp-json\/wp\/v2\/tags?post=856"}],"curies":[{"name":"wp","href":"https:\/\/api.w.org\/{rel}","templated":true}]}}