{"id":966,"date":"2021-04-29T10:28:25","date_gmt":"2021-04-29T08:28:25","guid":{"rendered":"https:\/\/min-pan.krakow.pl\/?p=966"},"modified":"2021-04-29T10:28:25","modified_gmt":"2021-04-29T08:28:25","slug":"https-min-pan-krakow-pl-wp-admin-post-phpactioneditpost875ids864-3-2-2-2","status":"publish","type":"post","link":"https:\/\/min-pan.krakow.pl\/en\/https-min-pan-krakow-pl-wp-admin-post-phpactioneditpost875ids864-3-2-2-2\/","title":{"rendered":"(Polski) Instytut \u017cegna prof. dra hab. in\u017c. Wies\u0142awa Blaschke"},"content":{"rendered":"<p class=\"qtranxs-available-languages-message qtranxs-available-languages-message-en\">Sorry, this entry is only available in <a href=\"https:\/\/min-pan.krakow.pl\/pl\/wp-json\/wp\/v2\/posts\/966\" class=\"qtranxs-available-language-link qtranxs-available-language-link-pl\" title=\"Polski\">Polski<\/a>.<\/p>","protected":false},"excerpt":{"rendered":"<p>Sorry, this entry is only available in Polski.<\/p>\n","protected":false},"author":8,"featured_media":0,"comment_status":"open","ping_status":"open","sticky":false,"template":"","format":"standard","meta":{"footnotes":""},"categories":[3],"tags":[],"class_list":["post-966","post","type-post","status-publish","format-standard","hentry","category-aktualnosci"],"_links":{"self":[{"href":"https:\/\/min-pan.krakow.pl\/en\/wp-json\/wp\/v2\/posts\/966","targetHints":{"allow":["GET"]}}],"collection":[{"href":"https:\/\/min-pan.krakow.pl\/en\/wp-json\/wp\/v2\/posts"}],"about":[{"href":"https:\/\/min-pan.krakow.pl\/en\/wp-json\/wp\/v2\/types\/post"}],"author":[{"embeddable":true,"href":"https:\/\/min-pan.krakow.pl\/en\/wp-json\/wp\/v2\/users\/8"}],"replies":[{"embeddable":true,"href":"https:\/\/min-pan.krakow.pl\/en\/wp-json\/wp\/v2\/comments?post=966"}],"version-history":[{"count":1,"href":"https:\/\/min-pan.krakow.pl\/en\/wp-json\/wp\/v2\/posts\/966\/revisions"}],"predecessor-version":[{"id":977,"href":"https:\/\/min-pan.krakow.pl\/en\/wp-json\/wp\/v2\/posts\/966\/revisions\/977"}],"wp:attachment":[{"href":"https:\/\/min-pan.krakow.pl\/en\/wp-json\/wp\/v2\/media?parent=966"}],"wp:term":[{"taxonomy":"category","embeddable":true,"href":"https:\/\/min-pan.krakow.pl\/en\/wp-json\/wp\/v2\/categories?post=966"},{"taxonomy":"post_tag","embeddable":true,"href":"https:\/\/min-pan.krakow.pl\/en\/wp-json\/wp\/v2\/tags?post=966"}],"curies":[{"name":"wp","href":"https:\/\/api.w.org\/{rel}","templated":true}]}}