{"id":538,"date":"2019-07-25T11:07:14","date_gmt":"2019-07-25T09:07:14","guid":{"rendered":"https:\/\/min-pan.krakow.pl\/?p=538"},"modified":"2019-07-25T11:17:07","modified_gmt":"2019-07-25T09:17:07","slug":"efektywnie-dla-srodowiska-i-lokalnej-gospodarki-lodzki-klaster-fala-energii-rozpoczyna-dzialalnosc-we-wspolpracy-z-instytutem-gospodarki-surowcami-mineralnymi-i-energia-polskiej-akademii-nau","status":"publish","type":"post","link":"https:\/\/min-pan.krakow.pl\/en\/efektywnie-dla-srodowiska-i-lokalnej-gospodarki-lodzki-klaster-fala-energii-rozpoczyna-dzialalnosc-we-wspolpracy-z-instytutem-gospodarki-surowcami-mineralnymi-i-energia-polskiej-akademii-nau\/","title":{"rendered":"(Polski) Efektywnie dla \u015brodowiska i lokalnej gospodarki \u2013 \u0141\u00f3dzki Klaster Fala Energii rozpoczyna dzia\u0142alno\u015b\u0107 we wsp\u00f3\u0142pracy z IGSMiE PAN"},"content":{"rendered":"<p class=\"qtranxs-available-languages-message qtranxs-available-languages-message-en\">Sorry, this entry is only available in <a href=\"https:\/\/min-pan.krakow.pl\/pl\/wp-json\/wp\/v2\/posts\/538\" class=\"qtranxs-available-language-link qtranxs-available-language-link-pl\" title=\"Polski\">Polski<\/a>.<\/p>","protected":false},"excerpt":{"rendered":"<p>Sorry, this entry is only available in Polski.<\/p>\n","protected":false},"author":4,"featured_media":0,"comment_status":"open","ping_status":"open","sticky":false,"template":"","format":"standard","meta":{"footnotes":""},"categories":[1],"tags":[],"class_list":["post-538","post","type-post","status-publish","format-standard","hentry","category-bez-kategorii"],"_links":{"self":[{"href":"https:\/\/min-pan.krakow.pl\/en\/wp-json\/wp\/v2\/posts\/538","targetHints":{"allow":["GET"]}}],"collection":[{"href":"https:\/\/min-pan.krakow.pl\/en\/wp-json\/wp\/v2\/posts"}],"about":[{"href":"https:\/\/min-pan.krakow.pl\/en\/wp-json\/wp\/v2\/types\/post"}],"author":[{"embeddable":true,"href":"https:\/\/min-pan.krakow.pl\/en\/wp-json\/wp\/v2\/users\/4"}],"replies":[{"embeddable":true,"href":"https:\/\/min-pan.krakow.pl\/en\/wp-json\/wp\/v2\/comments?post=538"}],"version-history":[{"count":6,"href":"https:\/\/min-pan.krakow.pl\/en\/wp-json\/wp\/v2\/posts\/538\/revisions"}],"predecessor-version":[{"id":547,"href":"https:\/\/min-pan.krakow.pl\/en\/wp-json\/wp\/v2\/posts\/538\/revisions\/547"}],"wp:attachment":[{"href":"https:\/\/min-pan.krakow.pl\/en\/wp-json\/wp\/v2\/media?parent=538"}],"wp:term":[{"taxonomy":"category","embeddable":true,"href":"https:\/\/min-pan.krakow.pl\/en\/wp-json\/wp\/v2\/categories?post=538"},{"taxonomy":"post_tag","embeddable":true,"href":"https:\/\/min-pan.krakow.pl\/en\/wp-json\/wp\/v2\/tags?post=538"}],"curies":[{"name":"wp","href":"https:\/\/api.w.org\/{rel}","templated":true}]}}