{"id":174,"date":"2017-08-30T11:10:24","date_gmt":"2017-08-30T09:10:24","guid":{"rendered":"https:\/\/min-pan.krakow.pl\/\/?p=174"},"modified":"2017-12-27T18:59:57","modified_gmt":"2017-12-27T17:59:57","slug":"porozumienie-o-wspolpracy-pomiedzy-instytutem-gospodarki-surowcami-mineralnymi-i-energia-polskiej-akademii-nauk-a-polska-grupa-gornicza","status":"publish","type":"post","link":"https:\/\/min-pan.krakow.pl\/en\/porozumienie-o-wspolpracy-pomiedzy-instytutem-gospodarki-surowcami-mineralnymi-i-energia-polskiej-akademii-nauk-a-polska-grupa-gornicza\/","title":{"rendered":"(Polski) Porozumienie o wsp\u00f3\u0142pracy pomi\u0119dzy IGSMiE PAN a Polsk\u0105 Grup\u0105 G\u00f3rnicz\u0105"},"content":{"rendered":"<p class=\"qtranxs-available-languages-message qtranxs-available-languages-message-en\">Sorry, this entry is only available in <a href=\"https:\/\/min-pan.krakow.pl\/pl\/wp-json\/wp\/v2\/posts\/174\" class=\"qtranxs-available-language-link qtranxs-available-language-link-pl\" title=\"Polski\">Polski<\/a>.<\/p>","protected":false},"excerpt":{"rendered":"<p>Sorry, this entry is only available in Polski.<\/p>\n","protected":false},"author":1,"featured_media":261,"comment_status":"open","ping_status":"open","sticky":false,"template":"","format":"standard","meta":{"footnotes":""},"categories":[1],"tags":[],"class_list":["post-174","post","type-post","status-publish","format-standard","has-post-thumbnail","hentry","category-bez-kategorii"],"_links":{"self":[{"href":"https:\/\/min-pan.krakow.pl\/en\/wp-json\/wp\/v2\/posts\/174","targetHints":{"allow":["GET"]}}],"collection":[{"href":"https:\/\/min-pan.krakow.pl\/en\/wp-json\/wp\/v2\/posts"}],"about":[{"href":"https:\/\/min-pan.krakow.pl\/en\/wp-json\/wp\/v2\/types\/post"}],"author":[{"embeddable":true,"href":"https:\/\/min-pan.krakow.pl\/en\/wp-json\/wp\/v2\/users\/1"}],"replies":[{"embeddable":true,"href":"https:\/\/min-pan.krakow.pl\/en\/wp-json\/wp\/v2\/comments?post=174"}],"version-history":[{"count":4,"href":"https:\/\/min-pan.krakow.pl\/en\/wp-json\/wp\/v2\/posts\/174\/revisions"}],"predecessor-version":[{"id":262,"href":"https:\/\/min-pan.krakow.pl\/en\/wp-json\/wp\/v2\/posts\/174\/revisions\/262"}],"wp:featuredmedia":[{"embeddable":true,"href":"https:\/\/min-pan.krakow.pl\/en\/wp-json\/wp\/v2\/media\/261"}],"wp:attachment":[{"href":"https:\/\/min-pan.krakow.pl\/en\/wp-json\/wp\/v2\/media?parent=174"}],"wp:term":[{"taxonomy":"category","embeddable":true,"href":"https:\/\/min-pan.krakow.pl\/en\/wp-json\/wp\/v2\/categories?post=174"},{"taxonomy":"post_tag","embeddable":true,"href":"https:\/\/min-pan.krakow.pl\/en\/wp-json\/wp\/v2\/tags?post=174"}],"curies":[{"name":"wp","href":"https:\/\/api.w.org\/{rel}","templated":true}]}}