{"id":143,"date":"2017-05-18T15:16:25","date_gmt":"2017-05-18T13:16:25","guid":{"rendered":"https:\/\/min-pan.krakow.pl\/\/?p=143"},"modified":"2017-12-12T15:21:58","modified_gmt":"2017-12-12T14:21:58","slug":"konferencja-energia-geotermalna-szansa-poprawy-jakosci-powietrza-w-wojewodztwie-malopolskim","status":"publish","type":"post","link":"https:\/\/min-pan.krakow.pl\/en\/konferencja-energia-geotermalna-szansa-poprawy-jakosci-powietrza-w-wojewodztwie-malopolskim\/","title":{"rendered":"(Polski) Konferencja &#8220;Energia geotermalna szans\u0105 poprawy jako\u015bci powietrza w wojew\u00f3dztwie ma\u0142opolskim&#8221;"},"content":{"rendered":"<p class=\"qtranxs-available-languages-message qtranxs-available-languages-message-en\">Sorry, this entry is only available in <a href=\"https:\/\/min-pan.krakow.pl\/pl\/wp-json\/wp\/v2\/posts\/143\" class=\"qtranxs-available-language-link qtranxs-available-language-link-pl\" title=\"Polski\">Polski<\/a>.<\/p>","protected":false},"excerpt":{"rendered":"<p>Sorry, this entry is only available in Polski.<\/p>\n","protected":false},"author":1,"featured_media":144,"comment_status":"open","ping_status":"open","sticky":false,"template":"","format":"standard","meta":{"footnotes":""},"categories":[1],"tags":[],"class_list":["post-143","post","type-post","status-publish","format-standard","has-post-thumbnail","hentry","category-bez-kategorii"],"_links":{"self":[{"href":"https:\/\/min-pan.krakow.pl\/en\/wp-json\/wp\/v2\/posts\/143","targetHints":{"allow":["GET"]}}],"collection":[{"href":"https:\/\/min-pan.krakow.pl\/en\/wp-json\/wp\/v2\/posts"}],"about":[{"href":"https:\/\/min-pan.krakow.pl\/en\/wp-json\/wp\/v2\/types\/post"}],"author":[{"embeddable":true,"href":"https:\/\/min-pan.krakow.pl\/en\/wp-json\/wp\/v2\/users\/1"}],"replies":[{"embeddable":true,"href":"https:\/\/min-pan.krakow.pl\/en\/wp-json\/wp\/v2\/comments?post=143"}],"version-history":[{"count":1,"href":"https:\/\/min-pan.krakow.pl\/en\/wp-json\/wp\/v2\/posts\/143\/revisions"}],"predecessor-version":[{"id":145,"href":"https:\/\/min-pan.krakow.pl\/en\/wp-json\/wp\/v2\/posts\/143\/revisions\/145"}],"wp:featuredmedia":[{"embeddable":true,"href":"https:\/\/min-pan.krakow.pl\/en\/wp-json\/wp\/v2\/media\/144"}],"wp:attachment":[{"href":"https:\/\/min-pan.krakow.pl\/en\/wp-json\/wp\/v2\/media?parent=143"}],"wp:term":[{"taxonomy":"category","embeddable":true,"href":"https:\/\/min-pan.krakow.pl\/en\/wp-json\/wp\/v2\/categories?post=143"},{"taxonomy":"post_tag","embeddable":true,"href":"https:\/\/min-pan.krakow.pl\/en\/wp-json\/wp\/v2\/tags?post=143"}],"curies":[{"name":"wp","href":"https:\/\/api.w.org\/{rel}","templated":true}]}}