{"id":138,"date":"2017-05-14T15:11:40","date_gmt":"2017-05-14T13:11:40","guid":{"rendered":"https:\/\/min-pan.krakow.pl\/\/?p=138"},"modified":"2017-12-13T12:04:29","modified_gmt":"2017-12-13T11:04:29","slug":"rozproszone-zrodla-energii-ponizej-10mwe-jako-motor-rozwoju-polskiej-gospodarki-potencjal-do-krajowej-inteligentnej-specjalizacji","status":"publish","type":"post","link":"https:\/\/min-pan.krakow.pl\/en\/rozproszone-zrodla-energii-ponizej-10mwe-jako-motor-rozwoju-polskiej-gospodarki-potencjal-do-krajowej-inteligentnej-specjalizacji\/","title":{"rendered":"(Polski) &#8221;Rozproszone \u017ar\u00f3d\u0142a energii jako motor rozwoju polskiej gospodarki&#8230;&#8221;"},"content":{"rendered":"<p class=\"qtranxs-available-languages-message qtranxs-available-languages-message-en\">Sorry, this entry is only available in <a href=\"https:\/\/min-pan.krakow.pl\/pl\/wp-json\/wp\/v2\/posts\/138\" class=\"qtranxs-available-language-link qtranxs-available-language-link-pl\" title=\"Polski\">Polski<\/a>.<\/p>","protected":false},"excerpt":{"rendered":"<p>Sorry, this entry is only available in Polski.<\/p>\n","protected":false},"author":1,"featured_media":139,"comment_status":"open","ping_status":"open","sticky":false,"template":"","format":"standard","meta":{"footnotes":""},"categories":[1],"tags":[],"class_list":["post-138","post","type-post","status-publish","format-standard","has-post-thumbnail","hentry","category-bez-kategorii"],"_links":{"self":[{"href":"https:\/\/min-pan.krakow.pl\/en\/wp-json\/wp\/v2\/posts\/138","targetHints":{"allow":["GET"]}}],"collection":[{"href":"https:\/\/min-pan.krakow.pl\/en\/wp-json\/wp\/v2\/posts"}],"about":[{"href":"https:\/\/min-pan.krakow.pl\/en\/wp-json\/wp\/v2\/types\/post"}],"author":[{"embeddable":true,"href":"https:\/\/min-pan.krakow.pl\/en\/wp-json\/wp\/v2\/users\/1"}],"replies":[{"embeddable":true,"href":"https:\/\/min-pan.krakow.pl\/en\/wp-json\/wp\/v2\/comments?post=138"}],"version-history":[{"count":3,"href":"https:\/\/min-pan.krakow.pl\/en\/wp-json\/wp\/v2\/posts\/138\/revisions"}],"predecessor-version":[{"id":223,"href":"https:\/\/min-pan.krakow.pl\/en\/wp-json\/wp\/v2\/posts\/138\/revisions\/223"}],"wp:featuredmedia":[{"embeddable":true,"href":"https:\/\/min-pan.krakow.pl\/en\/wp-json\/wp\/v2\/media\/139"}],"wp:attachment":[{"href":"https:\/\/min-pan.krakow.pl\/en\/wp-json\/wp\/v2\/media?parent=138"}],"wp:term":[{"taxonomy":"category","embeddable":true,"href":"https:\/\/min-pan.krakow.pl\/en\/wp-json\/wp\/v2\/categories?post=138"},{"taxonomy":"post_tag","embeddable":true,"href":"https:\/\/min-pan.krakow.pl\/en\/wp-json\/wp\/v2\/tags?post=138"}],"curies":[{"name":"wp","href":"https:\/\/api.w.org\/{rel}","templated":true}]}}